{"id":180,"date":"2018-03-15T18:12:24","date_gmt":"2018-03-15T17:12:24","guid":{"rendered":"http:\/\/retromecahautlanguedoc.fr\/?p=180"},"modified":"2018-03-15T19:14:48","modified_gmt":"2018-03-15T18:14:48","slug":"retromeca-fait-son-cinema","status":"publish","type":"post","link":"http:\/\/retromecahautlanguedoc.fr\/index.php\/2018\/03\/15\/retromeca-fait-son-cinema\/","title":{"rendered":"RETROMECA FAIT SON CINEMA"},"content":{"rendered":"<p><img loading=\"lazy\" decoding=\"async\" class=\"wp-image-184 size-medium alignright\" src=\"http:\/\/retromecahautlanguedoc.fr\/wp-content\/uploads\/2018\/03\/DSC_0078-e1521133258963-200x300.jpg\" alt=\"\" width=\"200\" height=\"300\" srcset=\"http:\/\/retromecahautlanguedoc.fr\/wp-content\/uploads\/2018\/03\/DSC_0078-e1521133258963-200x300.jpg 200w, http:\/\/retromecahautlanguedoc.fr\/wp-content\/uploads\/2018\/03\/DSC_0078-e1521133258963-768x1152.jpg 768w, http:\/\/retromecahautlanguedoc.fr\/wp-content\/uploads\/2018\/03\/DSC_0078-e1521133258963-683x1024.jpg 683w\" sizes=\"auto, (max-width: 200px) 100vw, 200px\" \/> <img loading=\"lazy\" decoding=\"async\" class=\"alignnone size-medium wp-image-182\" src=\"http:\/\/retromecahautlanguedoc.fr\/wp-content\/uploads\/2018\/03\/DSC_0039-300x200.jpg\" alt=\"\" width=\"300\" height=\"200\" srcset=\"http:\/\/retromecahautlanguedoc.fr\/wp-content\/uploads\/2018\/03\/DSC_0039-300x200.jpg 300w, http:\/\/retromecahautlanguedoc.fr\/wp-content\/uploads\/2018\/03\/DSC_0039-768x512.jpg 768w, http:\/\/retromecahautlanguedoc.fr\/wp-content\/uploads\/2018\/03\/DSC_0039-1024x683.jpg 1024w\" sizes=\"auto, (max-width: 300px) 100vw, 300px\" \/><\/p>\n<p>A l&rsquo;occasion d&rsquo;un tournage sur la r\u00e9sistance dans les hauts cantons durant la derni\u00e8re guerre mondiale, les \u00e9l\u00e8ves du Lyc\u00e9e professionnel Jacques Brel ont investi une matin\u00e9e la place de la cath\u00e9drale.<\/p>\n<p>Parution d&rsquo;un article dans le Midi Libre le 7 f\u00e9vrier 2018.<\/p>\n<p><a href=\"http:\/\/retromecahautlanguedoc.fr\/wp-content\/uploads\/2018\/03\/Ils-font-de-la-r\u00e9sistance.pdf\">Ils font de la r\u00e9sistance (<em>cliquer pour voir l&rsquo;article)<\/em><\/a><\/p>\n<p>&nbsp;<\/p>\n<table  class=\" table table-hover\" style=\"height: 434px; width: 641px;\" border=\"0\" cellspacing=\"0\" cellpadding=\"0\">\n<tbody>\n<tr>\n<td style=\"width: 326.567px; text-align: center; vertical-align: middle;\">Le v\u00e9hicule d&rsquo;\u00e9poque a bien entendu \u00e9t\u00e9 fourni par nos soins.<\/td>\n<td style=\"width: 297.433px;\"><img loading=\"lazy\" decoding=\"async\" class=\"alignnone wp-image-185 \" src=\"http:\/\/retromecahautlanguedoc.fr\/wp-content\/uploads\/2018\/03\/DSC_0083-e1521133032836-200x300.jpg\" alt=\"\" width=\"282\" height=\"423\" srcset=\"http:\/\/retromecahautlanguedoc.fr\/wp-content\/uploads\/2018\/03\/DSC_0083-e1521133032836-200x300.jpg 200w, http:\/\/retromecahautlanguedoc.fr\/wp-content\/uploads\/2018\/03\/DSC_0083-e1521133032836-768x1152.jpg 768w, http:\/\/retromecahautlanguedoc.fr\/wp-content\/uploads\/2018\/03\/DSC_0083-e1521133032836-683x1024.jpg 683w\" sizes=\"auto, (max-width: 282px) 100vw, 282px\" \/><\/td>\n<\/tr>\n<\/tbody>\n<\/table>\n<p>&nbsp;<\/p>\n<p>&nbsp;<\/p>\n","protected":false},"excerpt":{"rendered":"<p>A l&rsquo;occasion d&rsquo;un tournage sur la r\u00e9sistance dans les hauts cantons durant la derni\u00e8re guerre mondiale, les \u00e9l\u00e8ves du Lyc\u00e9e professionnel Jacques Brel ont investi une matin\u00e9e la place de la cath\u00e9drale. Parution d&rsquo;un article dans le Midi Libre le 7 f\u00e9vrier 2018. Ils font de la r\u00e9sistance (cliquer pour voir l&rsquo;article) &nbsp; Le v\u00e9hicule [&hellip;]<\/p>\n","protected":false},"author":2,"featured_media":183,"comment_status":"open","ping_status":"open","sticky":false,"template":"","format":"image","meta":{"footnotes":""},"categories":[4],"tags":[],"class_list":["post-180","post","type-post","status-publish","format-image","has-post-thumbnail","hentry","category-nos-evenements","post_format-post-format-image"],"_links":{"self":[{"href":"http:\/\/retromecahautlanguedoc.fr\/index.php\/wp-json\/wp\/v2\/posts\/180","targetHints":{"allow":["GET"]}}],"collection":[{"href":"http:\/\/retromecahautlanguedoc.fr\/index.php\/wp-json\/wp\/v2\/posts"}],"about":[{"href":"http:\/\/retromecahautlanguedoc.fr\/index.php\/wp-json\/wp\/v2\/types\/post"}],"author":[{"embeddable":true,"href":"http:\/\/retromecahautlanguedoc.fr\/index.php\/wp-json\/wp\/v2\/users\/2"}],"replies":[{"embeddable":true,"href":"http:\/\/retromecahautlanguedoc.fr\/index.php\/wp-json\/wp\/v2\/comments?post=180"}],"version-history":[{"count":18,"href":"http:\/\/retromecahautlanguedoc.fr\/index.php\/wp-json\/wp\/v2\/posts\/180\/revisions"}],"predecessor-version":[{"id":208,"href":"http:\/\/retromecahautlanguedoc.fr\/index.php\/wp-json\/wp\/v2\/posts\/180\/revisions\/208"}],"wp:featuredmedia":[{"embeddable":true,"href":"http:\/\/retromecahautlanguedoc.fr\/index.php\/wp-json\/wp\/v2\/media\/183"}],"wp:attachment":[{"href":"http:\/\/retromecahautlanguedoc.fr\/index.php\/wp-json\/wp\/v2\/media?parent=180"}],"wp:term":[{"taxonomy":"category","embeddable":true,"href":"http:\/\/retromecahautlanguedoc.fr\/index.php\/wp-json\/wp\/v2\/categories?post=180"},{"taxonomy":"post_tag","embeddable":true,"href":"http:\/\/retromecahautlanguedoc.fr\/index.php\/wp-json\/wp\/v2\/tags?post=180"}],"curies":[{"name":"wp","href":"https:\/\/api.w.org\/{rel}","templated":true}]}}