{"id":100,"date":"2016-05-21T18:17:20","date_gmt":"2016-05-21T16:17:20","guid":{"rendered":"http:\/\/retromecahautlanguedoc.fr\/?p=100"},"modified":"2017-09-22T19:40:35","modified_gmt":"2017-09-22T17:40:35","slug":"la-ronde-de-cabaretou-en-minervois","status":"publish","type":"post","link":"http:\/\/retromecahautlanguedoc.fr\/index.php\/2016\/05\/21\/la-ronde-de-cabaretou-en-minervois\/","title":{"rendered":"La ronde de Cabaretou en Minervois"},"content":{"rendered":"<p>Comme tous les ans, le 3\u00e8me \u00a0weekend de mai, <strong><em>Retromeca<\/em><\/strong> organise son \u00e9preuve avec road-book. Cette ann\u00e9e n&rsquo;a pas d\u00e9rog\u00e9 \u00e0 la r\u00e8gle et nous nous f\u00e9licitons de votre pr\u00e9sence toujours un peu plus nombreuse. Merci \u00e0 tous.<\/p>\n<p><em><strong>Voici les photos de quelques participants, prouvant que notre manifestation est ouverte \u00e0 tous.<\/strong><\/em><\/p>\n<p>&nbsp;<\/p>\n<p><img loading=\"lazy\" decoding=\"async\" class=\" wp-image-104 alignleft\" src=\"http:\/\/retromecahautlanguedoc.fr\/wp-content\/uploads\/2017\/09\/DSC_0092-600-300x200.jpg\" alt=\"\" width=\"306\" height=\"204\" srcset=\"http:\/\/retromecahautlanguedoc.fr\/wp-content\/uploads\/2017\/09\/DSC_0092-600-300x200.jpg 300w, http:\/\/retromecahautlanguedoc.fr\/wp-content\/uploads\/2017\/09\/DSC_0092-600.jpg 600w\" sizes=\"auto, (max-width: 306px) 100vw, 306px\" \/><\/p>\n<p><img loading=\"lazy\" decoding=\"async\" class=\"alignnone size-medium wp-image-121\" src=\"http:\/\/retromecahautlanguedoc.fr\/wp-content\/uploads\/2016\/09\/DSC_0070-600-200x300.jpg\" alt=\"\" width=\"200\" height=\"300\" srcset=\"http:\/\/retromecahautlanguedoc.fr\/wp-content\/uploads\/2016\/09\/DSC_0070-600-200x300.jpg 200w, http:\/\/retromecahautlanguedoc.fr\/wp-content\/uploads\/2016\/09\/DSC_0070-600.jpg 400w\" sizes=\"auto, (max-width: 200px) 100vw, 200px\" \/> <img loading=\"lazy\" decoding=\"async\" class=\"alignnone size-medium wp-image-122\" src=\"http:\/\/retromecahautlanguedoc.fr\/wp-content\/uploads\/2016\/09\/DSC_0103-600-300x200.jpg\" alt=\"\" width=\"300\" height=\"200\" srcset=\"http:\/\/retromecahautlanguedoc.fr\/wp-content\/uploads\/2016\/09\/DSC_0103-600-300x200.jpg 300w, http:\/\/retromecahautlanguedoc.fr\/wp-content\/uploads\/2016\/09\/DSC_0103-600.jpg 600w\" sizes=\"auto, (max-width: 300px) 100vw, 300px\" \/><\/p>\n<p>Le d\u00e9part est donn\u00e9 de St-Pons de Thomi\u00e8res, place du Foirail.<\/p>\n<p>Apr\u00e8s nos p\u00e9riples montagnards, nous sommes redescendus sur St-Pons o\u00f9 le restaurant du Somail nous attendait pour un repas bien m\u00e9rit\u00e9 dans une ambiance chaleureuse.<\/p>\n<p><img loading=\"lazy\" decoding=\"async\" class=\"alignnone size-medium wp-image-123\" src=\"http:\/\/retromecahautlanguedoc.fr\/wp-content\/uploads\/2016\/09\/DSC_0105-600-300x200.jpg\" alt=\"\" width=\"300\" height=\"200\" srcset=\"http:\/\/retromecahautlanguedoc.fr\/wp-content\/uploads\/2016\/09\/DSC_0105-600-300x200.jpg 300w, http:\/\/retromecahautlanguedoc.fr\/wp-content\/uploads\/2016\/09\/DSC_0105-600.jpg 600w\" sizes=\"auto, (max-width: 300px) 100vw, 300px\" \/> <img loading=\"lazy\" decoding=\"async\" class=\"alignnone size-medium wp-image-124\" src=\"http:\/\/retromecahautlanguedoc.fr\/wp-content\/uploads\/2016\/09\/DSC_0111-600-300x200.jpg\" alt=\"\" width=\"300\" height=\"200\" srcset=\"http:\/\/retromecahautlanguedoc.fr\/wp-content\/uploads\/2016\/09\/DSC_0111-600-300x200.jpg 300w, http:\/\/retromecahautlanguedoc.fr\/wp-content\/uploads\/2016\/09\/DSC_0111-600.jpg 600w\" sizes=\"auto, (max-width: 300px) 100vw, 300px\" \/> <img loading=\"lazy\" decoding=\"async\" class=\"alignnone size-medium wp-image-125\" src=\"http:\/\/retromecahautlanguedoc.fr\/wp-content\/uploads\/2016\/09\/DSC_0126-600-300x200.jpg\" alt=\"\" width=\"300\" height=\"200\" srcset=\"http:\/\/retromecahautlanguedoc.fr\/wp-content\/uploads\/2016\/09\/DSC_0126-600-300x200.jpg 300w, http:\/\/retromecahautlanguedoc.fr\/wp-content\/uploads\/2016\/09\/DSC_0126-600.jpg 600w\" sizes=\"auto, (max-width: 300px) 100vw, 300px\" \/><\/p>\n<p>&nbsp;<\/p>\n<p>Puis nous sommes repartis pour une \u00e9tape ludique, avec <strong><em>Retromeca<\/em><\/strong>, le patrimoine n&rsquo;est jamais bien loin.<\/p>\n<p><img loading=\"lazy\" decoding=\"async\" class=\"alignnone size-medium wp-image-126\" src=\"http:\/\/retromecahautlanguedoc.fr\/wp-content\/uploads\/2016\/09\/DSC_0116-600-300x200.jpg\" alt=\"\" width=\"300\" height=\"200\" srcset=\"http:\/\/retromecahautlanguedoc.fr\/wp-content\/uploads\/2016\/09\/DSC_0116-600-300x200.jpg 300w, http:\/\/retromecahautlanguedoc.fr\/wp-content\/uploads\/2016\/09\/DSC_0116-600.jpg 600w\" sizes=\"auto, (max-width: 300px) 100vw, 300px\" \/> <img loading=\"lazy\" decoding=\"async\" class=\"alignnone size-medium wp-image-127\" src=\"http:\/\/retromecahautlanguedoc.fr\/wp-content\/uploads\/2016\/09\/DSC_0125-600-300x200.jpg\" alt=\"\" width=\"300\" height=\"200\" srcset=\"http:\/\/retromecahautlanguedoc.fr\/wp-content\/uploads\/2016\/09\/DSC_0125-600-300x200.jpg 300w, http:\/\/retromecahautlanguedoc.fr\/wp-content\/uploads\/2016\/09\/DSC_0125-600.jpg 600w\" sizes=\"auto, (max-width: 300px) 100vw, 300px\" \/> <img loading=\"lazy\" decoding=\"async\" class=\"alignnone size-medium wp-image-128\" src=\"http:\/\/retromecahautlanguedoc.fr\/wp-content\/uploads\/2016\/09\/DSC_0128-600-300x200.jpg\" alt=\"\" width=\"300\" height=\"200\" srcset=\"http:\/\/retromecahautlanguedoc.fr\/wp-content\/uploads\/2016\/09\/DSC_0128-600-300x200.jpg 300w, http:\/\/retromecahautlanguedoc.fr\/wp-content\/uploads\/2016\/09\/DSC_0128-600.jpg 600w\" sizes=\"auto, (max-width: 300px) 100vw, 300px\" \/> <img loading=\"lazy\" decoding=\"async\" class=\"alignnone size-medium wp-image-129\" src=\"http:\/\/retromecahautlanguedoc.fr\/wp-content\/uploads\/2016\/09\/DSC_0129-600-300x200.jpg\" alt=\"\" width=\"300\" height=\"200\" srcset=\"http:\/\/retromecahautlanguedoc.fr\/wp-content\/uploads\/2016\/09\/DSC_0129-600-300x200.jpg 300w, http:\/\/retromecahautlanguedoc.fr\/wp-content\/uploads\/2016\/09\/DSC_0129-600.jpg 600w\" sizes=\"auto, (max-width: 300px) 100vw, 300px\" \/><\/p>\n<p>&nbsp;<\/p>\n<p>Arriv\u00e9e \u00e0 Saint-Jean de Minervois o\u00f9 toute l&rsquo;\u00e9quipe de la cave coop\u00e9raive nous attend pour une d\u00e9gustation accompagn\u00e9e de produits du terroir (tapenade, foie gras, fromage, miel&#8230;).<\/p>\n<p>La remise des coupes peut avoir lieu.<\/p>\n<p>En esp\u00e9rant que vous avez pass\u00e9 une bonne journ\u00e9e, nous vous attendons l&rsquo;ann\u00e9e prochaine.<\/p>\n<p>N&rsquo;oubliez pas de noter dans vos agendas LE 3\u00e8me WEEKEND DE MAI \u00a0 \u00a0\u21d2 RETROMECA<\/p>\n<p>&nbsp;<\/p>\n","protected":false},"excerpt":{"rendered":"<p>Comme tous les ans, le 3\u00e8me \u00a0weekend de mai, Retromeca organise son \u00e9preuve avec road-book. Cette ann\u00e9e n&rsquo;a pas d\u00e9rog\u00e9 \u00e0 la r\u00e8gle et nous nous f\u00e9licitons de votre pr\u00e9sence toujours un peu plus nombreuse. Merci \u00e0 tous. Voici les photos de quelques participants, prouvant que notre manifestation est ouverte \u00e0 tous. &nbsp; Le d\u00e9part [&hellip;]<\/p>\n","protected":false},"author":2,"featured_media":0,"comment_status":"open","ping_status":"open","sticky":false,"template":"","format":"standard","meta":{"footnotes":""},"categories":[4],"tags":[],"class_list":["post-100","post","type-post","status-publish","format-standard","hentry","category-nos-evenements"],"_links":{"self":[{"href":"http:\/\/retromecahautlanguedoc.fr\/index.php\/wp-json\/wp\/v2\/posts\/100","targetHints":{"allow":["GET"]}}],"collection":[{"href":"http:\/\/retromecahautlanguedoc.fr\/index.php\/wp-json\/wp\/v2\/posts"}],"about":[{"href":"http:\/\/retromecahautlanguedoc.fr\/index.php\/wp-json\/wp\/v2\/types\/post"}],"author":[{"embeddable":true,"href":"http:\/\/retromecahautlanguedoc.fr\/index.php\/wp-json\/wp\/v2\/users\/2"}],"replies":[{"embeddable":true,"href":"http:\/\/retromecahautlanguedoc.fr\/index.php\/wp-json\/wp\/v2\/comments?post=100"}],"version-history":[{"count":3,"href":"http:\/\/retromecahautlanguedoc.fr\/index.php\/wp-json\/wp\/v2\/posts\/100\/revisions"}],"predecessor-version":[{"id":130,"href":"http:\/\/retromecahautlanguedoc.fr\/index.php\/wp-json\/wp\/v2\/posts\/100\/revisions\/130"}],"wp:attachment":[{"href":"http:\/\/retromecahautlanguedoc.fr\/index.php\/wp-json\/wp\/v2\/media?parent=100"}],"wp:term":[{"taxonomy":"category","embeddable":true,"href":"http:\/\/retromecahautlanguedoc.fr\/index.php\/wp-json\/wp\/v2\/categories?post=100"},{"taxonomy":"post_tag","embeddable":true,"href":"http:\/\/retromecahautlanguedoc.fr\/index.php\/wp-json\/wp\/v2\/tags?post=100"}],"curies":[{"name":"wp","href":"https:\/\/api.w.org\/{rel}","templated":true}]}}